{"id":1482,"date":"2017-04-18T09:43:01","date_gmt":"2017-04-18T07:43:01","guid":{"rendered":"https:\/\/blog.ofisillas.es\/blog\/?p=1482"},"modified":"2022-11-10T13:40:47","modified_gmt":"2022-11-10T11:40:47","slug":"como-tener-un-despacho-de-diseno","status":"publish","type":"post","link":"https:\/\/www.ofisillas.es\/blog\/como-tener-un-despacho-de-diseno\/","title":{"rendered":"\u00bfNecesitas un profesional para tener un despacho de dise\u00f1o?"},"content":{"rendered":"<p>Montar un <strong>despacho de dise\u00f1o<\/strong> es algo que se suele tomar como punto de partida a la hora de adentrarnos en una nueva aventura profesional. Por supuesto, el precios una variable clave que va a determinar las posibilidades y el tipo de <a href=\"\/\/www.ofisillas.es\/mobiliario-de-oficina.html\">mobiliario de oficina<\/a> con el que podremos contar, pero por encima de esta variable est\u00e1 el saber encontrar los productos adecuados.<\/p>\n<p><a href=\"\/\/blog.ofisillas.es\/blog\/wp-content\/uploads\/2017\/04\/Silla-despacho-dise\u00f1o-RECULA.jpg\"><img fetchpriority=\"high\" decoding=\"async\" class=\"aligncenter wp-image-1488 size-full\" title=\"Silla despacho dise\u00f1o RECULA\" src=\"\/\/blog.ofisillas.es\/blog\/wp-content\/uploads\/2017\/04\/Silla-despacho-dise\u00f1o-RECULA.jpg\" alt=\"Silla despacho dise\u00f1o RECULA, acabado en negro\" width=\"264\" height=\"300\" srcset=\"https:\/\/www.ofisillas.es\/blog\/wp-content\/uploads\/2017\/04\/Silla-despacho-dise\u00f1o-RECULA.jpg 264w, https:\/\/www.ofisillas.es\/blog\/wp-content\/uploads\/2017\/04\/Silla-despacho-dise\u00f1o-RECULA-250x284.jpg 250w, https:\/\/www.ofisillas.es\/blog\/wp-content\/uploads\/2017\/04\/Silla-despacho-dise\u00f1o-RECULA-120x136.jpg 120w\" sizes=\"(max-width: 264px) 100vw, 264px\" \/><\/a><\/p>\n<p>Al igual que ocurre en el mundo de la moda o cualquier otro evento o situaci\u00f3n en los que el estilo y buen gusto puede sobresalir, <strong>eligiendo los productos id\u00f3neos, combin\u00e1ndolos adecuadamente y prestando atenci\u00f3n a los detalle<\/strong>s que marcan la diferencia habremos formado la base del \u00e9xito.<\/p>\n<p>Pero, \u00bftan complicada es la misi\u00f3n? \u00bfTe sientes fuera de lugar ante la gran oferta y miles de alternativas? No te preocupes y que no cunda el p\u00e1nico. Hoy vamos a demostrar que montar un buen despacho de dise\u00f1o es algo f\u00e1cilmente factible de la mano de <a href=\"\/\/www.ofisillas.es\/\">ofisillas<\/a> \u00a1comenzamos!<\/p>\n<h2><strong>Las sillas de un despacho de dise\u00f1o, las protagonistas<\/strong><\/h2>\n<p><a href=\"\/\/blog.ofisillas.es\/blog\/wp-content\/uploads\/2017\/04\/Silla-despacho-dise\u00f1o-PALMA.jpg\"><img decoding=\"async\" class=\"aligncenter wp-image-1484 size-full\" title=\"Silla despacho dise\u00f1o PALMA\" src=\"\/\/blog.ofisillas.es\/blog\/wp-content\/uploads\/2017\/04\/Silla-despacho-dise\u00f1o-PALMA.jpg\" alt=\"Silla despacho dise\u00f1o a juego, modelo PALMA\" width=\"486\" height=\"300\" srcset=\"https:\/\/www.ofisillas.es\/blog\/wp-content\/uploads\/2017\/04\/Silla-despacho-dise\u00f1o-PALMA.jpg 486w, https:\/\/www.ofisillas.es\/blog\/wp-content\/uploads\/2017\/04\/Silla-despacho-dise\u00f1o-PALMA-250x154.jpg 250w, https:\/\/www.ofisillas.es\/blog\/wp-content\/uploads\/2017\/04\/Silla-despacho-dise\u00f1o-PALMA-120x74.jpg 120w\" sizes=\"(max-width: 486px) 100vw, 486px\" \/><\/a><\/p>\n<p>El punto de partida a la hora de crear un despacho de dise\u00f1o es centrar la atenci\u00f3n en los elementos que habitualmente permiten mostrar el ejercicio de dise\u00f1o m\u00e1s sofisticado y personal: <a href=\"\/\/www.ofisillas.es\/sillas-de-oficina.html\">las sillas de oficina<\/a>. Sin duda, <strong>este elemento suele arriesgar en su dise\u00f1o<\/strong>, introduciendo nuevas formas, materiales y combinaci\u00f3n de elementos que precisamente aportan esa distinci\u00f3n y exclusividad atribuibles \u00fanicamente a las sillas de dise\u00f1o.<\/p>\n<p>Es por ello que elegir una nueva silla o mejor a\u00fan, una silla con sus <a href=\"\/\/www.ofisillas.es\/sillas-confidente.html\">sillas de confidente<\/a> a juego, constituir\u00e1 el lienzo para ir dando pinceladas de dise\u00f1o.<\/p>\n<h2><strong>Es un buen despacho de dise\u00f1o no puede faltar un sill\u00f3n o sof\u00e1<\/strong><\/h2>\n<p>Una de las cosas que caracteriza a una oficina de dise\u00f1o es la inclusi\u00f3n de elementos que no son estrictamente habituales en una oficina normal y corriente. Puede parecer parad\u00f3jico, pero los elementos que m\u00e1s dise\u00f1o y exclusividad van a aportar son aquellos que podemos encontrar en nuestro hogar o en un despacho con un <strong>ambiente m\u00e1s desenfadado<\/strong>, pero igualmente v\u00e1lido para llevar a cabo una actividad profesional.<\/p>\n<p><img decoding=\"async\" class=\"wp-image-3178 size-medium aligncenter\" title=\"Silla despacho dise\u00f1o BELFAST\" src=\"https:\/\/www.ofisillas.es\/blog\/wp-content\/uploads\/2017\/04\/2-300x300.jpg\" alt=\"\" width=\"300\" height=\"300\" srcset=\"https:\/\/www.ofisillas.es\/blog\/wp-content\/uploads\/2017\/04\/2-300x300.jpg 300w, https:\/\/www.ofisillas.es\/blog\/wp-content\/uploads\/2017\/04\/2-1024x1024.jpg 1024w, https:\/\/www.ofisillas.es\/blog\/wp-content\/uploads\/2017\/04\/2-150x150.jpg 150w, https:\/\/www.ofisillas.es\/blog\/wp-content\/uploads\/2017\/04\/2-768x768.jpg 768w, https:\/\/www.ofisillas.es\/blog\/wp-content\/uploads\/2017\/04\/2.jpg 1200w\" sizes=\"(max-width: 300px) 100vw, 300px\" \/><\/p>\n<p>Por un lado, no es mala idea introducir un <a href=\"\/\/www.ofisillas.es\/sillones-de-diseno.html\">sill\u00f3n de dise\u00f1o<\/a> en nuestra oficina. La voluptuosidad, combinada con brillantes estructuras cromadas, dar\u00e1 una esencia muy acogedora a una oficina de dise\u00f1o. Una vez m\u00e1s, no necesitas romperte la cabeza o acudir a profesionales para conseguir uno, ya que hay bastantes modelos con <strong>estructura de madera y l\u00edneas redondeadas<\/strong>, como este <a href=\"https:\/\/www.ofisillas.es\/silla-de-oficina-varen-diseno-moderno-y-elegante-en-madera-nogal-y-piel-color-blanco.html\">VAREN.<\/a><\/p>\n<p><img loading=\"lazy\" decoding=\"async\" class=\"size-medium wp-image-3177 aligncenter\" src=\"https:\/\/www.ofisillas.es\/blog\/wp-content\/uploads\/2017\/04\/1-300x300.jpg\" alt=\"\" width=\"300\" height=\"300\" srcset=\"https:\/\/www.ofisillas.es\/blog\/wp-content\/uploads\/2017\/04\/1-300x300.jpg 300w, https:\/\/www.ofisillas.es\/blog\/wp-content\/uploads\/2017\/04\/1-1024x1024.jpg 1024w, https:\/\/www.ofisillas.es\/blog\/wp-content\/uploads\/2017\/04\/1-150x150.jpg 150w, https:\/\/www.ofisillas.es\/blog\/wp-content\/uploads\/2017\/04\/1-768x768.jpg 768w, https:\/\/www.ofisillas.es\/blog\/wp-content\/uploads\/2017\/04\/1-1536x1536.jpg 1536w, https:\/\/www.ofisillas.es\/blog\/wp-content\/uploads\/2017\/04\/1-2048x2048.jpg 2048w\" sizes=\"(max-width: 300px) 100vw, 300px\" \/><\/p>\n<p>Por otro lado, un sof\u00e1 puede vestir mucho nuestra oficina de dise\u00f1o, ya que es todo un gui\u00f1o a los elementos decorativos propios de un sal\u00f3n o despacho para atender a las visitas que os coment\u00e1bamos antes. \u00bfQuieres todo un cl\u00e1sico y que es un acierto seguro? \u00a1No puede faltar este precioso modelo <a href=\"https:\/\/www.ofisillas.es\/sofa-de-3-plazas-chester-diseno-clasico-y-elegante-en-piel-patas-cuadradas-color-negro.html\">CHESTER<\/a>!<\/p>\n<h2><strong>Una oficina de dise\u00f1o ha de tener una mesa en cristal<\/strong><\/h2>\n<p>Las <a href=\"\/\/www.ofisillas.es\/mesas-de-cristal.html\">mesas de cristal<\/a> son otra de las formas con las que a\u00f1adir sofisticaci\u00f3n para crear una oficina de dise\u00f1o a la \u00faltima. Este material, combinado con el metal, est\u00e1 <strong>presente en muchas obras arquitect\u00f3nicas<\/strong>, por lo que es una oportunidad de oro para inspirarse en ellas y su seductor magnetismo est\u00e9tico.<\/p>\n<p><a href=\"\/\/blog.ofisillas.es\/blog\/wp-content\/uploads\/2017\/04\/Mesa-despacho-dise\u00f1o-START-UP.jpg\"><img loading=\"lazy\" decoding=\"async\" class=\"aligncenter wp-image-1487 size-full\" title=\"Mesa despacho dise\u00f1o START UP\" src=\"\/\/blog.ofisillas.es\/blog\/wp-content\/uploads\/2017\/04\/Mesa-despacho-dise\u00f1o-START-UP.jpg\" alt=\"Mesa despacho dise\u00f1o START UP en cristal\" width=\"383\" height=\"300\" srcset=\"https:\/\/www.ofisillas.es\/blog\/wp-content\/uploads\/2017\/04\/Mesa-despacho-dise\u00f1o-START-UP.jpg 383w, https:\/\/www.ofisillas.es\/blog\/wp-content\/uploads\/2017\/04\/Mesa-despacho-dise\u00f1o-START-UP-250x195.jpg 250w, https:\/\/www.ofisillas.es\/blog\/wp-content\/uploads\/2017\/04\/Mesa-despacho-dise\u00f1o-START-UP-120x93.jpg 120w\" sizes=\"(max-width: 383px) 100vw, 383px\" \/><\/a><\/p>\n<p>Adem\u00e1s el brillante acabado y sus reflejos tambi\u00e9n ponen su granito de arena a la hora de llamar la atenci\u00f3n. Incluso podremos jugar con la iluminaci\u00f3n del ambiente para jugar con las luces, sombras y brillos.<\/p>\n<p>Como ver\u00e1s, hasta ahora hemos demostrado que fij\u00e1ndonos y tomando como ejemplo otros elementos con gran componente est\u00e9tico podemos lograr tener una interesante oficina de dise\u00f1o. Es cierto que en bastantes ocasiones, <strong>el dise\u00f1o est\u00e1 asociado al riesgo, innovaci\u00f3n y, en ocasiones, extravagancia.<\/strong> No obstante, hay muchos b\u00e1sicos que podemos tomar como referencia, ya que si algo funciona \u00a1por qu\u00e9 cambiarlo?<\/p>\n","protected":false},"excerpt":{"rendered":"<p>Montar un despacho de dise\u00f1o es algo que se suele tomar como punto de partida a la hora de adentrarnos&hellip; <a class=\"more-link\" href=\"https:\/\/www.ofisillas.es\/blog\/como-tener-un-despacho-de-diseno\/\">[+info]<\/a><\/span><\/p>\n","protected":false},"author":1,"featured_media":1488,"comment_status":"open","ping_status":"open","sticky":false,"template":"","format":"standard","meta":{"_acf_changed":false,"footnotes":""},"categories":[1],"tags":[],"class_list":["post-1482","post","type-post","status-publish","format-standard","has-post-thumbnail","hentry","category-sin-categoria"],"acf":[],"yoast_head":"<!-- This site is optimized with the Yoast SEO plugin v27.1.1 - https:\/\/yoast.com\/product\/yoast-seo-wordpress\/ -->\n<title>Tener un despacho de dise\u00f1o sin ser profesional - Ofisillas<\/title>\n<meta name=\"description\" content=\"Tener un despacho de dise\u00f1o es tarea f\u00e1cil con los consejos y ejemplos que citamos en esta entrada. No te compliques, es mucho m\u00e1s f\u00e1cil de lo que imaginas!\" \/>\n<meta name=\"robots\" content=\"index, follow, max-snippet:-1, max-image-preview:large, max-video-preview:-1\" \/>\n<link rel=\"canonical\" href=\"https:\/\/www.ofisillas.es\/blog\/como-tener-un-despacho-de-diseno\/\" \/>\n<meta property=\"og:locale\" content=\"es_ES\" \/>\n<meta property=\"og:type\" content=\"article\" \/>\n<meta property=\"og:title\" content=\"Tener un despacho de dise\u00f1o sin ser profesional - Ofisillas\" \/>\n<meta property=\"og:description\" content=\"Tener un despacho de dise\u00f1o es tarea f\u00e1cil con los consejos y ejemplos que citamos en esta entrada. No te compliques, es mucho m\u00e1s f\u00e1cil de lo que imaginas!\" \/>\n<meta property=\"og:url\" content=\"https:\/\/www.ofisillas.es\/blog\/como-tener-un-despacho-de-diseno\/\" \/>\n<meta property=\"og:site_name\" content=\"Ofisillas\" \/>\n<meta property=\"article:published_time\" content=\"2017-04-18T07:43:01+00:00\" \/>\n<meta property=\"article:modified_time\" content=\"2022-11-10T11:40:47+00:00\" \/>\n<meta property=\"og:image\" content=\"https:\/\/www.ofisillas.es\/blog\/wp-content\/uploads\/2017\/04\/Silla-despacho-dise\u00f1o-RECULA.jpg\" \/>\n\t<meta property=\"og:image:width\" content=\"264\" \/>\n\t<meta property=\"og:image:height\" content=\"300\" \/>\n\t<meta property=\"og:image:type\" content=\"image\/jpeg\" \/>\n<meta name=\"author\" content=\"admin\" \/>\n<meta name=\"twitter:card\" content=\"summary_large_image\" \/>\n<meta name=\"twitter:label1\" content=\"Escrito por\" \/>\n\t<meta name=\"twitter:data1\" content=\"admin\" \/>\n\t<meta name=\"twitter:label2\" content=\"Tiempo de lectura\" \/>\n\t<meta name=\"twitter:data2\" content=\"4 minutos\" \/>\n<script type=\"application\/ld+json\" class=\"yoast-schema-graph\">{\"@context\":\"https:\/\/schema.org\",\"@graph\":[{\"@type\":\"Article\",\"@id\":\"https:\/\/www.ofisillas.es\/blog\/como-tener-un-despacho-de-diseno\/#article\",\"isPartOf\":{\"@id\":\"https:\/\/www.ofisillas.es\/blog\/como-tener-un-despacho-de-diseno\/\"},\"author\":{\"name\":\"admin\",\"@id\":\"https:\/\/www.ofisillas.es\/blog\/#\/schema\/person\/8313057e8f99492371b5bbecacb504ce\"},\"headline\":\"\u00bfNecesitas un profesional para tener un despacho de dise\u00f1o?\",\"datePublished\":\"2017-04-18T07:43:01+00:00\",\"dateModified\":\"2022-11-10T11:40:47+00:00\",\"mainEntityOfPage\":{\"@id\":\"https:\/\/www.ofisillas.es\/blog\/como-tener-un-despacho-de-diseno\/\"},\"wordCount\":688,\"commentCount\":0,\"image\":{\"@id\":\"https:\/\/www.ofisillas.es\/blog\/como-tener-un-despacho-de-diseno\/#primaryimage\"},\"thumbnailUrl\":\"https:\/\/www.ofisillas.es\/blog\/wp-content\/uploads\/2017\/04\/Silla-despacho-dise\u00f1o-RECULA.jpg\",\"inLanguage\":\"es\",\"potentialAction\":[{\"@type\":\"CommentAction\",\"name\":\"Comment\",\"target\":[\"https:\/\/www.ofisillas.es\/blog\/como-tener-un-despacho-de-diseno\/#respond\"]}]},{\"@type\":\"WebPage\",\"@id\":\"https:\/\/www.ofisillas.es\/blog\/como-tener-un-despacho-de-diseno\/\",\"url\":\"https:\/\/www.ofisillas.es\/blog\/como-tener-un-despacho-de-diseno\/\",\"name\":\"Tener un despacho de dise\u00f1o sin ser profesional - Ofisillas\",\"isPartOf\":{\"@id\":\"https:\/\/www.ofisillas.es\/blog\/#website\"},\"primaryImageOfPage\":{\"@id\":\"https:\/\/www.ofisillas.es\/blog\/como-tener-un-despacho-de-diseno\/#primaryimage\"},\"image\":{\"@id\":\"https:\/\/www.ofisillas.es\/blog\/como-tener-un-despacho-de-diseno\/#primaryimage\"},\"thumbnailUrl\":\"https:\/\/www.ofisillas.es\/blog\/wp-content\/uploads\/2017\/04\/Silla-despacho-dise\u00f1o-RECULA.jpg\",\"datePublished\":\"2017-04-18T07:43:01+00:00\",\"dateModified\":\"2022-11-10T11:40:47+00:00\",\"author\":{\"@id\":\"https:\/\/www.ofisillas.es\/blog\/#\/schema\/person\/8313057e8f99492371b5bbecacb504ce\"},\"description\":\"Tener un despacho de dise\u00f1o es tarea f\u00e1cil con los consejos y ejemplos que citamos en esta entrada. No te compliques, es mucho m\u00e1s f\u00e1cil de lo que imaginas!\",\"breadcrumb\":{\"@id\":\"https:\/\/www.ofisillas.es\/blog\/como-tener-un-despacho-de-diseno\/#breadcrumb\"},\"inLanguage\":\"es\",\"potentialAction\":[{\"@type\":\"ReadAction\",\"target\":[\"https:\/\/www.ofisillas.es\/blog\/como-tener-un-despacho-de-diseno\/\"]}]},{\"@type\":\"ImageObject\",\"inLanguage\":\"es\",\"@id\":\"https:\/\/www.ofisillas.es\/blog\/como-tener-un-despacho-de-diseno\/#primaryimage\",\"url\":\"https:\/\/www.ofisillas.es\/blog\/wp-content\/uploads\/2017\/04\/Silla-despacho-dise\u00f1o-RECULA.jpg\",\"contentUrl\":\"https:\/\/www.ofisillas.es\/blog\/wp-content\/uploads\/2017\/04\/Silla-despacho-dise\u00f1o-RECULA.jpg\",\"width\":264,\"height\":300,\"caption\":\"Silla despacho dise\u00f1o RECULA, acabado en negro\"},{\"@type\":\"BreadcrumbList\",\"@id\":\"https:\/\/www.ofisillas.es\/blog\/como-tener-un-despacho-de-diseno\/#breadcrumb\",\"itemListElement\":[{\"@type\":\"ListItem\",\"position\":1,\"name\":\"Portada\",\"item\":\"https:\/\/www.ofisillas.es\/blog\/\"},{\"@type\":\"ListItem\",\"position\":2,\"name\":\"\u00bfNecesitas un profesional para tener un despacho de dise\u00f1o?\"}]},{\"@type\":\"WebSite\",\"@id\":\"https:\/\/www.ofisillas.es\/blog\/#website\",\"url\":\"https:\/\/www.ofisillas.es\/blog\/\",\"name\":\"Ofisillas\",\"description\":\"Especialistas en Sillas de oficina y muebles\",\"potentialAction\":[{\"@type\":\"SearchAction\",\"target\":{\"@type\":\"EntryPoint\",\"urlTemplate\":\"https:\/\/www.ofisillas.es\/blog\/?s={search_term_string}\"},\"query-input\":{\"@type\":\"PropertyValueSpecification\",\"valueRequired\":true,\"valueName\":\"search_term_string\"}}],\"inLanguage\":\"es\"},{\"@type\":\"Person\",\"@id\":\"https:\/\/www.ofisillas.es\/blog\/#\/schema\/person\/8313057e8f99492371b5bbecacb504ce\",\"name\":\"admin\",\"image\":{\"@type\":\"ImageObject\",\"inLanguage\":\"es\",\"@id\":\"https:\/\/www.ofisillas.es\/blog\/#\/schema\/person\/image\/\",\"url\":\"https:\/\/secure.gravatar.com\/avatar\/741433ce07ba5c431e994c0ec0272d414a5d1a9dafeb02666111e6f2eb1c0ed2?s=96&d=mm&r=g\",\"contentUrl\":\"https:\/\/secure.gravatar.com\/avatar\/741433ce07ba5c431e994c0ec0272d414a5d1a9dafeb02666111e6f2eb1c0ed2?s=96&d=mm&r=g\",\"caption\":\"admin\"},\"sameAs\":[\"https:\/\/www.ofisillas.es\"],\"url\":\"https:\/\/www.ofisillas.es\/blog\/author\/admin\/\"}]}<\/script>\n<!-- \/ Yoast SEO plugin. -->","yoast_head_json":{"title":"Tener un despacho de dise\u00f1o sin ser profesional - Ofisillas","description":"Tener un despacho de dise\u00f1o es tarea f\u00e1cil con los consejos y ejemplos que citamos en esta entrada. No te compliques, es mucho m\u00e1s f\u00e1cil de lo que imaginas!","robots":{"index":"index","follow":"follow","max-snippet":"max-snippet:-1","max-image-preview":"max-image-preview:large","max-video-preview":"max-video-preview:-1"},"canonical":"https:\/\/www.ofisillas.es\/blog\/como-tener-un-despacho-de-diseno\/","og_locale":"es_ES","og_type":"article","og_title":"Tener un despacho de dise\u00f1o sin ser profesional - Ofisillas","og_description":"Tener un despacho de dise\u00f1o es tarea f\u00e1cil con los consejos y ejemplos que citamos en esta entrada. No te compliques, es mucho m\u00e1s f\u00e1cil de lo que imaginas!","og_url":"https:\/\/www.ofisillas.es\/blog\/como-tener-un-despacho-de-diseno\/","og_site_name":"Ofisillas","article_published_time":"2017-04-18T07:43:01+00:00","article_modified_time":"2022-11-10T11:40:47+00:00","og_image":[{"width":264,"height":300,"url":"https:\/\/www.ofisillas.es\/blog\/wp-content\/uploads\/2017\/04\/Silla-despacho-dise\u00f1o-RECULA.jpg","type":"image\/jpeg"}],"author":"admin","twitter_card":"summary_large_image","twitter_misc":{"Escrito por":"admin","Tiempo de lectura":"4 minutos"},"schema":{"@context":"https:\/\/schema.org","@graph":[{"@type":"Article","@id":"https:\/\/www.ofisillas.es\/blog\/como-tener-un-despacho-de-diseno\/#article","isPartOf":{"@id":"https:\/\/www.ofisillas.es\/blog\/como-tener-un-despacho-de-diseno\/"},"author":{"name":"admin","@id":"https:\/\/www.ofisillas.es\/blog\/#\/schema\/person\/8313057e8f99492371b5bbecacb504ce"},"headline":"\u00bfNecesitas un profesional para tener un despacho de dise\u00f1o?","datePublished":"2017-04-18T07:43:01+00:00","dateModified":"2022-11-10T11:40:47+00:00","mainEntityOfPage":{"@id":"https:\/\/www.ofisillas.es\/blog\/como-tener-un-despacho-de-diseno\/"},"wordCount":688,"commentCount":0,"image":{"@id":"https:\/\/www.ofisillas.es\/blog\/como-tener-un-despacho-de-diseno\/#primaryimage"},"thumbnailUrl":"https:\/\/www.ofisillas.es\/blog\/wp-content\/uploads\/2017\/04\/Silla-despacho-dise\u00f1o-RECULA.jpg","inLanguage":"es","potentialAction":[{"@type":"CommentAction","name":"Comment","target":["https:\/\/www.ofisillas.es\/blog\/como-tener-un-despacho-de-diseno\/#respond"]}]},{"@type":"WebPage","@id":"https:\/\/www.ofisillas.es\/blog\/como-tener-un-despacho-de-diseno\/","url":"https:\/\/www.ofisillas.es\/blog\/como-tener-un-despacho-de-diseno\/","name":"Tener un despacho de dise\u00f1o sin ser profesional - Ofisillas","isPartOf":{"@id":"https:\/\/www.ofisillas.es\/blog\/#website"},"primaryImageOfPage":{"@id":"https:\/\/www.ofisillas.es\/blog\/como-tener-un-despacho-de-diseno\/#primaryimage"},"image":{"@id":"https:\/\/www.ofisillas.es\/blog\/como-tener-un-despacho-de-diseno\/#primaryimage"},"thumbnailUrl":"https:\/\/www.ofisillas.es\/blog\/wp-content\/uploads\/2017\/04\/Silla-despacho-dise\u00f1o-RECULA.jpg","datePublished":"2017-04-18T07:43:01+00:00","dateModified":"2022-11-10T11:40:47+00:00","author":{"@id":"https:\/\/www.ofisillas.es\/blog\/#\/schema\/person\/8313057e8f99492371b5bbecacb504ce"},"description":"Tener un despacho de dise\u00f1o es tarea f\u00e1cil con los consejos y ejemplos que citamos en esta entrada. No te compliques, es mucho m\u00e1s f\u00e1cil de lo que imaginas!","breadcrumb":{"@id":"https:\/\/www.ofisillas.es\/blog\/como-tener-un-despacho-de-diseno\/#breadcrumb"},"inLanguage":"es","potentialAction":[{"@type":"ReadAction","target":["https:\/\/www.ofisillas.es\/blog\/como-tener-un-despacho-de-diseno\/"]}]},{"@type":"ImageObject","inLanguage":"es","@id":"https:\/\/www.ofisillas.es\/blog\/como-tener-un-despacho-de-diseno\/#primaryimage","url":"https:\/\/www.ofisillas.es\/blog\/wp-content\/uploads\/2017\/04\/Silla-despacho-dise\u00f1o-RECULA.jpg","contentUrl":"https:\/\/www.ofisillas.es\/blog\/wp-content\/uploads\/2017\/04\/Silla-despacho-dise\u00f1o-RECULA.jpg","width":264,"height":300,"caption":"Silla despacho dise\u00f1o RECULA, acabado en negro"},{"@type":"BreadcrumbList","@id":"https:\/\/www.ofisillas.es\/blog\/como-tener-un-despacho-de-diseno\/#breadcrumb","itemListElement":[{"@type":"ListItem","position":1,"name":"Portada","item":"https:\/\/www.ofisillas.es\/blog\/"},{"@type":"ListItem","position":2,"name":"\u00bfNecesitas un profesional para tener un despacho de dise\u00f1o?"}]},{"@type":"WebSite","@id":"https:\/\/www.ofisillas.es\/blog\/#website","url":"https:\/\/www.ofisillas.es\/blog\/","name":"Ofisillas","description":"Especialistas en Sillas de oficina y muebles","potentialAction":[{"@type":"SearchAction","target":{"@type":"EntryPoint","urlTemplate":"https:\/\/www.ofisillas.es\/blog\/?s={search_term_string}"},"query-input":{"@type":"PropertyValueSpecification","valueRequired":true,"valueName":"search_term_string"}}],"inLanguage":"es"},{"@type":"Person","@id":"https:\/\/www.ofisillas.es\/blog\/#\/schema\/person\/8313057e8f99492371b5bbecacb504ce","name":"admin","image":{"@type":"ImageObject","inLanguage":"es","@id":"https:\/\/www.ofisillas.es\/blog\/#\/schema\/person\/image\/","url":"https:\/\/secure.gravatar.com\/avatar\/741433ce07ba5c431e994c0ec0272d414a5d1a9dafeb02666111e6f2eb1c0ed2?s=96&d=mm&r=g","contentUrl":"https:\/\/secure.gravatar.com\/avatar\/741433ce07ba5c431e994c0ec0272d414a5d1a9dafeb02666111e6f2eb1c0ed2?s=96&d=mm&r=g","caption":"admin"},"sameAs":["https:\/\/www.ofisillas.es"],"url":"https:\/\/www.ofisillas.es\/blog\/author\/admin\/"}]}},"_links":{"self":[{"href":"https:\/\/www.ofisillas.es\/blog\/wp-json\/wp\/v2\/posts\/1482","targetHints":{"allow":["GET"]}}],"collection":[{"href":"https:\/\/www.ofisillas.es\/blog\/wp-json\/wp\/v2\/posts"}],"about":[{"href":"https:\/\/www.ofisillas.es\/blog\/wp-json\/wp\/v2\/types\/post"}],"author":[{"embeddable":true,"href":"https:\/\/www.ofisillas.es\/blog\/wp-json\/wp\/v2\/users\/1"}],"replies":[{"embeddable":true,"href":"https:\/\/www.ofisillas.es\/blog\/wp-json\/wp\/v2\/comments?post=1482"}],"version-history":[{"count":10,"href":"https:\/\/www.ofisillas.es\/blog\/wp-json\/wp\/v2\/posts\/1482\/revisions"}],"predecessor-version":[{"id":3179,"href":"https:\/\/www.ofisillas.es\/blog\/wp-json\/wp\/v2\/posts\/1482\/revisions\/3179"}],"wp:featuredmedia":[{"embeddable":true,"href":"https:\/\/www.ofisillas.es\/blog\/wp-json\/wp\/v2\/media\/1488"}],"wp:attachment":[{"href":"https:\/\/www.ofisillas.es\/blog\/wp-json\/wp\/v2\/media?parent=1482"}],"wp:term":[{"taxonomy":"category","embeddable":true,"href":"https:\/\/www.ofisillas.es\/blog\/wp-json\/wp\/v2\/categories?post=1482"},{"taxonomy":"post_tag","embeddable":true,"href":"https:\/\/www.ofisillas.es\/blog\/wp-json\/wp\/v2\/tags?post=1482"}],"curies":[{"name":"wp","href":"https:\/\/api.w.org\/{rel}","templated":true}]}}