{"id":1245,"date":"2016-12-28T15:51:38","date_gmt":"2016-12-28T14:51:38","guid":{"rendered":"https:\/\/blog.ofisillas.es\/blog\/?p=1245"},"modified":"2023-10-05T12:51:37","modified_gmt":"2023-10-05T10:51:37","slug":"dimensiones-de-sillas-ergonomicas","status":"publish","type":"post","link":"https:\/\/www.ofisillas.es\/blog\/dimensiones-de-sillas-ergonomicas\/","title":{"rendered":"Dimensiones de sillas ergon\u00f3micas \u00bfcu\u00e1les son las adecuadas?"},"content":{"rendered":"<p>Sillas ergon\u00f3micas, sillas de oficina<\/p>\n<p>Las <strong>dimensiones de sillas ergon\u00f3micas<\/strong> son uno de los aspectos a los que m\u00e1s atenci\u00f3n se ha de prestar. Una buena ergonom\u00eda no se consigue por s\u00ed sola teniendo la mejora y m\u00e1s cara de las sillas, sino que aspectos como su correcta configuraci\u00f3n y elegir la m\u00e1s adecuada son imprescindibles para acertar. Precisamente ya os lo coment\u00e1bamos en nuestras anteriores entradas c\u00f3mo ajustar correctamente una silla de oficina y c\u00f3mo sentarse bien en la oficina que sin duda os animamos tambi\u00e9n a leerlas si quer\u00e9is profundizar en el tema.<\/p>\n<p><img fetchpriority=\"high\" decoding=\"async\" class=\"size-medium wp-image-3394 aligncenter\" src=\"https:\/\/www.ofisillas.es\/blog\/wp-content\/uploads\/2023\/06\/Captura-de-Pantalla-2023-06-12-a-las-13.30.18-203x300.png\" alt=\"Silla ergon\u00f3mica Mantra\" width=\"203\" height=\"300\" srcset=\"https:\/\/www.ofisillas.es\/blog\/wp-content\/uploads\/2023\/06\/Captura-de-Pantalla-2023-06-12-a-las-13.30.18-203x300.png 203w, https:\/\/www.ofisillas.es\/blog\/wp-content\/uploads\/2023\/06\/Captura-de-Pantalla-2023-06-12-a-las-13.30.18.png 385w\" sizes=\"(max-width: 203px) 100vw, 203px\" \/><\/p>\n<p><a href=\"https:\/\/www.ofisillas.es\/silla-ergonomica-mantra-reposacabezas-espectacular-respaldo-brazos-regulables-uso-8h-negro.html#c3d9\/classic-initial\/\">Comprar silla ergon\u00f3mica MANTRA<\/a><\/p>\n<p>Es evidente que el dise\u00f1o y est\u00e9tica tienen un peso importante en la decisi\u00f3n a la hora de comprar <a href=\"\/\/www.ofisillas.es\/sillas-de-oficina.html\">sillas de oficina<\/a>. Tambi\u00e9n sucede lo mismo en el caso de las <a href=\"\/\/www.ofisillas.es\/sillas-ergonomicas.html\">sillas ergon\u00f3micas<\/a>, pero <strong>lo primero que tenemos que tener en cuenta es la talla y peso del usuario<\/strong> para tener una referencia sobre la que partir. Y para que valga la redundancia, \u00a1partimos ya con este interesante post!<\/p>\n<h2><strong>Las dimensiones de las sillas ergon\u00f3micas son adaptables<\/strong><\/h2>\n<p>La primera premisa que tenemos que tener en cuenta si estamos ante una buena silla ergon\u00f3mica es su <strong>adaptabilidad<\/strong>. Uno de los aspectos clave de este tipo de sillas es que <strong>presentan multitud de ajustes y regulaciones<\/strong> orientadas a lograr un \u00f3ptimo apoyo y postura corporal.<\/p>\n<p>Os asombrar\u00edais al conocer la gran cantidad de ajustes que tienen algunos modelos, en los cuales las dimensiones de las sillas ergon\u00f3micas cambian hasta que se adaptan como un guante. En este sentido hablar\u00edamos de ajustes en altura del asiento, respaldo, reposacabezas y soporte lumbar; ajuste en profundidad del asiento, brazos tambi\u00e9n, etc.<\/p>\n<p>La primera premisa que tenemos que tener en cuenta si estamos ante una buena silla ergon\u00f3mica es su\u00a0<strong>adaptabilidad<\/strong>. Uno de los aspectos clave de este tipo de sillas es que\u00a0<strong>presentan multitud de ajustes y regulaciones<\/strong>\u00a0orientadas a lograr un \u00f3ptimo apoyo y postura corporal. Por lo tanto, las dimensiones de una silla son fundamentales a la hora de conseguir un bienestar corporal.<\/p>\n<p>Os asombrar\u00edais al conocer la gran cantidad de ajustes que tienen algunos modelos, en los cuales las dimensiones de las sillas ergon\u00f3micas cambian hasta que se adaptan como un guante. En este sentido hablar\u00edamos de ajustes en altura del asiento, respaldo, reposacabezas y soporte lumbar; ajuste en profundidad del asiento, brazos tambi\u00e9n, etc.<\/p>\n<p>Las medidas de una silla ergon\u00f3mica son tan ajustables con el objetivo de ofrecer una amplia variaci\u00f3n a todos los clientes. De esta forma, siempre se adaptar\u00e1n las caracter\u00edsticas de un asiento a todo tipo de personas. Como ya sabemos, no hay un individuo igual al otro, por lo que las dimensiones de una silla de escritorio tampoco deben ser las mismas.<\/p>\n<p>A continuaci\u00f3n, vamos a hablar detenidamente de las diferentes dimensiones de sillas ergon\u00f3micas atendiendo a la talla de la persona. Esto quiere decir, la altura que se pueda alcanzar y el peso que se pueda soportar.<\/p>\n<h2><strong>Dimensiones de sillas ergon\u00f3micas para talla de hasta 1,90 metros<\/strong><\/h2>\n<p>Las dimensiones de sillas ergon\u00f3micas para usuarios est\u00e1ndar est\u00e1n pensadas para talla de hasta 1,85 o 1,90 metros y un peso m\u00e1ximo de unos 100 &#8211; 120 Kg.<\/p>\n<p>En el caso de esta talla, un <strong>respaldo de unos 60cm<\/strong> de altura es suficiente para que \u00e9ste funcione correctamente desde el punto de vista anat\u00f3mico. Y aunque pueda parecer poco, no lo es, y de hecho es un tama\u00f1o m\u00e1s que adecuado para que la zona lumbar, una de las m\u00e1s sensibles, est\u00e9 correctamente protegida.<\/p>\n<p><a href=\"\/\/blog.ofisillas.es\/blog\/wp-content\/uploads\/2016\/12\/Dimensiones-de-sillas-ergon\u00f3micas-hasta-190.jpg\"><img decoding=\"async\" class=\"aligncenter wp-image-1247 size-full\" title=\"Dimensiones de sillas ergon\u00f3micas hasta 1,90\" src=\"\/\/blog.ofisillas.es\/blog\/wp-content\/uploads\/2016\/12\/Dimensiones-de-sillas-ergon\u00f3micas-hasta-190.jpg\" alt=\"Dimensiones de sillas ergon\u00f3micas para talla hasta 1,90\" width=\"669\" height=\"300\" srcset=\"https:\/\/www.ofisillas.es\/blog\/wp-content\/uploads\/2016\/12\/Dimensiones-de-sillas-ergon\u00f3micas-hasta-190.jpg 669w, https:\/\/www.ofisillas.es\/blog\/wp-content\/uploads\/2016\/12\/Dimensiones-de-sillas-ergon\u00f3micas-hasta-190-250x112.jpg 250w, https:\/\/www.ofisillas.es\/blog\/wp-content\/uploads\/2016\/12\/Dimensiones-de-sillas-ergon\u00f3micas-hasta-190-120x53.jpg 120w\" sizes=\"(max-width: 669px) 100vw, 669px\" \/><\/a><\/p>\n<p><a class=\"call-to-action\" href=\"https:\/\/www.ofisillas.es\/sillas-ergonomicas.html\">Ver sillas ergon\u00f3micas<\/a><\/p>\n<p>Modelos como el LABITA, IKARO o AIRPORT y ser\u00edan buenos candidatos para estos casos que estamos comentando.<\/p>\n<h2><strong>Dimensiones de sillas ergon\u00f3micas a partir de 1,90 <\/strong><\/h2>\n<p>En el caso de superar una estatura de 1,90 metros, lo m\u00e1s recomendable es optar por unas dimensiones de silla ergon\u00f3mica m\u00e1s amplias y que permitan apoyar perfectamente la espalda y muslos. Aqu\u00ed, lo m\u00e1s interesante ser\u00eda buscar <strong>respaldos que superen los 60 cm de altura<\/strong> y est\u00e9n m\u00e1s bien cerca de los 70. Respecto al asiento, \u00e9ste ha de partir de unos 45 cm de anchura y una profundidad similar. Empezar a pensar en modelos con asiento ajustable puede ser algo recomendable, por lo que estos modelos PROFI y BEIRUT o nuestra <a href=\"https:\/\/www.ofisillas.es\/silla-ergonomica-energy-diseno-unico-maxima-tecnologia-y-calidad-en-malla-negra.html\">silla ergon\u00f3mica ENERGY<\/a> os pueden servir como referencia.<\/p>\n<p><a href=\"\/\/blog.ofisillas.es\/blog\/wp-content\/uploads\/2016\/12\/Dimensiones-de-sillas-ergon\u00f3micas-desde-190.jpg\"><img decoding=\"async\" class=\"aligncenter wp-image-1248 size-full\" title=\"Dimensiones de sillas ergon\u00f3micas para m\u00e1s de 1,90m\" src=\"\/\/blog.ofisillas.es\/blog\/wp-content\/uploads\/2016\/12\/Dimensiones-de-sillas-ergon\u00f3micas-desde-190.jpg\" alt=\"Dimensiones de sillas ergon\u00f3micas para talla de m\u00e1s de 1,90\" width=\"447\" height=\"300\" srcset=\"https:\/\/www.ofisillas.es\/blog\/wp-content\/uploads\/2016\/12\/Dimensiones-de-sillas-ergon\u00f3micas-desde-190.jpg 447w, https:\/\/www.ofisillas.es\/blog\/wp-content\/uploads\/2016\/12\/Dimensiones-de-sillas-ergon\u00f3micas-desde-190-250x167.jpg 250w, https:\/\/www.ofisillas.es\/blog\/wp-content\/uploads\/2016\/12\/Dimensiones-de-sillas-ergon\u00f3micas-desde-190-120x80.jpg 120w\" sizes=\"(max-width: 447px) 100vw, 447px\" \/><\/a><\/p>\n<p>La presencia del metal en la base tambi\u00e9n es m\u00e1s habitual en sillas orientadas a esta talla para portar una mayor resistencia. Tampoco debemos dejar de prestar atenci\u00f3n a los reposabrazos, que en esta gama de modelos comienzan a contar con m\u00e1s ajustes, sobre todo en profundidad.<\/p>\n<h2><strong>Dimensiones de sillas ergon\u00f3micas especiales para usuarios de entorno a 2 metros<\/strong><\/h2>\n<p>Cuando hablamos de personas que superan los 2 metros de altura y 100 kg de peso tenemos que pensar en <strong>dimensiones especiales de sillas ergon\u00f3micas.<\/strong><\/p>\n<p><a href=\"\/\/blog.ofisillas.es\/blog\/wp-content\/uploads\/2016\/12\/Dimensiones-de-sillas-ergon\u00f3micas-2m.jpg\"><img loading=\"lazy\" decoding=\"async\" class=\"aligncenter wp-image-1249 size-full\" title=\"Dimensiones de sillas ergon\u00f3micas para talla de 2m\" src=\"\/\/blog.ofisillas.es\/blog\/wp-content\/uploads\/2016\/12\/Dimensiones-de-sillas-ergon\u00f3micas-2m.jpg\" alt=\"Dimensiones de sillas ergon\u00f3micas para m\u00e1s de 2 metros\" width=\"421\" height=\"300\" srcset=\"https:\/\/www.ofisillas.es\/blog\/wp-content\/uploads\/2016\/12\/Dimensiones-de-sillas-ergon\u00f3micas-2m.jpg 421w, https:\/\/www.ofisillas.es\/blog\/wp-content\/uploads\/2016\/12\/Dimensiones-de-sillas-ergon\u00f3micas-2m-250x178.jpg 250w, https:\/\/www.ofisillas.es\/blog\/wp-content\/uploads\/2016\/12\/Dimensiones-de-sillas-ergon\u00f3micas-2m-120x85.jpg 120w\" sizes=\"(max-width: 421px) 100vw, 421px\" \/><\/a><\/p>\n<p>Aqu\u00ed, tendremos que optar por modelos que tengan sobre todo un <strong>alto respaldo que supere los 70 cm de altura<\/strong>, y si es regulable a\u00fan mejor. El asiento ha de ser amplio y con grueso acolchado y formas anat\u00f3micas para asegurar un correcto discando de las piernas. Pensar en una silla con reposacabezas puede ser tambi\u00e9n muy interesante, ya que conseguiremos unos cent\u00edmetros extra de altura que pueden venir muy bien. A modo de ejemplo os sugerimos nuestros modelos ZENIT MAX y MANTRA.<\/p>\n","protected":false},"excerpt":{"rendered":"<p>Sillas ergon\u00f3micas, sillas de oficina Las dimensiones de sillas ergon\u00f3micas son uno de los aspectos a los que m\u00e1s atenci\u00f3n&hellip; <a class=\"more-link\" href=\"https:\/\/www.ofisillas.es\/blog\/dimensiones-de-sillas-ergonomicas\/\">[+info]<\/a><\/span><\/p>\n","protected":false},"author":1,"featured_media":1247,"comment_status":"open","ping_status":"open","sticky":false,"template":"","format":"standard","meta":{"_acf_changed":false,"footnotes":""},"categories":[1],"tags":[],"class_list":["post-1245","post","type-post","status-publish","format-standard","has-post-thumbnail","hentry","category-sin-categoria"],"acf":[],"yoast_head":"<!-- This site is optimized with the Yoast SEO plugin v27.1.1 - https:\/\/yoast.com\/product\/yoast-seo-wordpress\/ -->\n<title>Dimensiones de sillas ergon\u00f3micas \u00bfcu\u00e1l es la adecuada?<\/title>\n<meta name=\"description\" content=\"\u00bfNo sabes cu\u00e1les son las demensiones de sillas ergon\u00f3micas que mejor se adaptan a t\u00ed? No te puedes perder esta entrada para elegir el modelo m\u00e1s adecuado\" \/>\n<meta name=\"robots\" content=\"index, follow, max-snippet:-1, max-image-preview:large, max-video-preview:-1\" \/>\n<link rel=\"canonical\" href=\"https:\/\/www.ofisillas.es\/blog\/dimensiones-de-sillas-ergonomicas\/\" \/>\n<meta property=\"og:locale\" content=\"es_ES\" \/>\n<meta property=\"og:type\" content=\"article\" \/>\n<meta property=\"og:title\" content=\"Dimensiones de sillas ergon\u00f3micas \u00bfcu\u00e1l es la adecuada?\" \/>\n<meta property=\"og:description\" content=\"\u00bfNo sabes cu\u00e1les son las demensiones de sillas ergon\u00f3micas que mejor se adaptan a t\u00ed? No te puedes perder esta entrada para elegir el modelo m\u00e1s adecuado\" \/>\n<meta property=\"og:url\" content=\"https:\/\/www.ofisillas.es\/blog\/dimensiones-de-sillas-ergonomicas\/\" \/>\n<meta property=\"og:site_name\" content=\"Ofisillas\" \/>\n<meta property=\"article:published_time\" content=\"2016-12-28T14:51:38+00:00\" \/>\n<meta property=\"article:modified_time\" content=\"2023-10-05T10:51:37+00:00\" \/>\n<meta property=\"og:image\" content=\"https:\/\/www.ofisillas.es\/blog\/wp-content\/uploads\/2016\/12\/Dimensiones-de-sillas-ergon\u00f3micas-hasta-190.jpg\" \/>\n\t<meta property=\"og:image:width\" content=\"669\" \/>\n\t<meta property=\"og:image:height\" content=\"300\" \/>\n\t<meta property=\"og:image:type\" content=\"image\/jpeg\" \/>\n<meta name=\"author\" content=\"admin\" \/>\n<meta name=\"twitter:card\" content=\"summary_large_image\" \/>\n<meta name=\"twitter:label1\" content=\"Escrito por\" \/>\n\t<meta name=\"twitter:data1\" content=\"admin\" \/>\n\t<meta name=\"twitter:label2\" content=\"Tiempo de lectura\" \/>\n\t<meta name=\"twitter:data2\" content=\"5 minutos\" \/>\n<script type=\"application\/ld+json\" class=\"yoast-schema-graph\">{\"@context\":\"https:\/\/schema.org\",\"@graph\":[{\"@type\":\"Article\",\"@id\":\"https:\/\/www.ofisillas.es\/blog\/dimensiones-de-sillas-ergonomicas\/#article\",\"isPartOf\":{\"@id\":\"https:\/\/www.ofisillas.es\/blog\/dimensiones-de-sillas-ergonomicas\/\"},\"author\":{\"name\":\"admin\",\"@id\":\"https:\/\/www.ofisillas.es\/blog\/#\/schema\/person\/8313057e8f99492371b5bbecacb504ce\"},\"headline\":\"Dimensiones de sillas ergon\u00f3micas \u00bfcu\u00e1les son las adecuadas?\",\"datePublished\":\"2016-12-28T14:51:38+00:00\",\"dateModified\":\"2023-10-05T10:51:37+00:00\",\"mainEntityOfPage\":{\"@id\":\"https:\/\/www.ofisillas.es\/blog\/dimensiones-de-sillas-ergonomicas\/\"},\"wordCount\":942,\"commentCount\":0,\"image\":{\"@id\":\"https:\/\/www.ofisillas.es\/blog\/dimensiones-de-sillas-ergonomicas\/#primaryimage\"},\"thumbnailUrl\":\"https:\/\/www.ofisillas.es\/blog\/wp-content\/uploads\/2016\/12\/Dimensiones-de-sillas-ergon\u00f3micas-hasta-190.jpg\",\"inLanguage\":\"es\",\"potentialAction\":[{\"@type\":\"CommentAction\",\"name\":\"Comment\",\"target\":[\"https:\/\/www.ofisillas.es\/blog\/dimensiones-de-sillas-ergonomicas\/#respond\"]}]},{\"@type\":\"WebPage\",\"@id\":\"https:\/\/www.ofisillas.es\/blog\/dimensiones-de-sillas-ergonomicas\/\",\"url\":\"https:\/\/www.ofisillas.es\/blog\/dimensiones-de-sillas-ergonomicas\/\",\"name\":\"Dimensiones de sillas ergon\u00f3micas \u00bfcu\u00e1l es la adecuada?\",\"isPartOf\":{\"@id\":\"https:\/\/www.ofisillas.es\/blog\/#website\"},\"primaryImageOfPage\":{\"@id\":\"https:\/\/www.ofisillas.es\/blog\/dimensiones-de-sillas-ergonomicas\/#primaryimage\"},\"image\":{\"@id\":\"https:\/\/www.ofisillas.es\/blog\/dimensiones-de-sillas-ergonomicas\/#primaryimage\"},\"thumbnailUrl\":\"https:\/\/www.ofisillas.es\/blog\/wp-content\/uploads\/2016\/12\/Dimensiones-de-sillas-ergon\u00f3micas-hasta-190.jpg\",\"datePublished\":\"2016-12-28T14:51:38+00:00\",\"dateModified\":\"2023-10-05T10:51:37+00:00\",\"author\":{\"@id\":\"https:\/\/www.ofisillas.es\/blog\/#\/schema\/person\/8313057e8f99492371b5bbecacb504ce\"},\"description\":\"\u00bfNo sabes cu\u00e1les son las demensiones de sillas ergon\u00f3micas que mejor se adaptan a t\u00ed? No te puedes perder esta entrada para elegir el modelo m\u00e1s adecuado\",\"breadcrumb\":{\"@id\":\"https:\/\/www.ofisillas.es\/blog\/dimensiones-de-sillas-ergonomicas\/#breadcrumb\"},\"inLanguage\":\"es\",\"potentialAction\":[{\"@type\":\"ReadAction\",\"target\":[\"https:\/\/www.ofisillas.es\/blog\/dimensiones-de-sillas-ergonomicas\/\"]}]},{\"@type\":\"ImageObject\",\"inLanguage\":\"es\",\"@id\":\"https:\/\/www.ofisillas.es\/blog\/dimensiones-de-sillas-ergonomicas\/#primaryimage\",\"url\":\"https:\/\/www.ofisillas.es\/blog\/wp-content\/uploads\/2016\/12\/Dimensiones-de-sillas-ergon\u00f3micas-hasta-190.jpg\",\"contentUrl\":\"https:\/\/www.ofisillas.es\/blog\/wp-content\/uploads\/2016\/12\/Dimensiones-de-sillas-ergon\u00f3micas-hasta-190.jpg\",\"width\":669,\"height\":300,\"caption\":\"Dimensiones de sillas ergon\u00f3micas para talla hasta 1,90\"},{\"@type\":\"BreadcrumbList\",\"@id\":\"https:\/\/www.ofisillas.es\/blog\/dimensiones-de-sillas-ergonomicas\/#breadcrumb\",\"itemListElement\":[{\"@type\":\"ListItem\",\"position\":1,\"name\":\"Portada\",\"item\":\"https:\/\/www.ofisillas.es\/blog\/\"},{\"@type\":\"ListItem\",\"position\":2,\"name\":\"Dimensiones de sillas ergon\u00f3micas \u00bfcu\u00e1les son las adecuadas?\"}]},{\"@type\":\"WebSite\",\"@id\":\"https:\/\/www.ofisillas.es\/blog\/#website\",\"url\":\"https:\/\/www.ofisillas.es\/blog\/\",\"name\":\"Ofisillas\",\"description\":\"Especialistas en Sillas de oficina y muebles\",\"potentialAction\":[{\"@type\":\"SearchAction\",\"target\":{\"@type\":\"EntryPoint\",\"urlTemplate\":\"https:\/\/www.ofisillas.es\/blog\/?s={search_term_string}\"},\"query-input\":{\"@type\":\"PropertyValueSpecification\",\"valueRequired\":true,\"valueName\":\"search_term_string\"}}],\"inLanguage\":\"es\"},{\"@type\":\"Person\",\"@id\":\"https:\/\/www.ofisillas.es\/blog\/#\/schema\/person\/8313057e8f99492371b5bbecacb504ce\",\"name\":\"admin\",\"image\":{\"@type\":\"ImageObject\",\"inLanguage\":\"es\",\"@id\":\"https:\/\/www.ofisillas.es\/blog\/#\/schema\/person\/image\/\",\"url\":\"https:\/\/secure.gravatar.com\/avatar\/741433ce07ba5c431e994c0ec0272d414a5d1a9dafeb02666111e6f2eb1c0ed2?s=96&d=mm&r=g\",\"contentUrl\":\"https:\/\/secure.gravatar.com\/avatar\/741433ce07ba5c431e994c0ec0272d414a5d1a9dafeb02666111e6f2eb1c0ed2?s=96&d=mm&r=g\",\"caption\":\"admin\"},\"sameAs\":[\"https:\/\/www.ofisillas.es\"],\"url\":\"https:\/\/www.ofisillas.es\/blog\/author\/admin\/\"}]}<\/script>\n<!-- \/ Yoast SEO plugin. -->","yoast_head_json":{"title":"Dimensiones de sillas ergon\u00f3micas \u00bfcu\u00e1l es la adecuada?","description":"\u00bfNo sabes cu\u00e1les son las demensiones de sillas ergon\u00f3micas que mejor se adaptan a t\u00ed? No te puedes perder esta entrada para elegir el modelo m\u00e1s adecuado","robots":{"index":"index","follow":"follow","max-snippet":"max-snippet:-1","max-image-preview":"max-image-preview:large","max-video-preview":"max-video-preview:-1"},"canonical":"https:\/\/www.ofisillas.es\/blog\/dimensiones-de-sillas-ergonomicas\/","og_locale":"es_ES","og_type":"article","og_title":"Dimensiones de sillas ergon\u00f3micas \u00bfcu\u00e1l es la adecuada?","og_description":"\u00bfNo sabes cu\u00e1les son las demensiones de sillas ergon\u00f3micas que mejor se adaptan a t\u00ed? No te puedes perder esta entrada para elegir el modelo m\u00e1s adecuado","og_url":"https:\/\/www.ofisillas.es\/blog\/dimensiones-de-sillas-ergonomicas\/","og_site_name":"Ofisillas","article_published_time":"2016-12-28T14:51:38+00:00","article_modified_time":"2023-10-05T10:51:37+00:00","og_image":[{"width":669,"height":300,"url":"https:\/\/www.ofisillas.es\/blog\/wp-content\/uploads\/2016\/12\/Dimensiones-de-sillas-ergon\u00f3micas-hasta-190.jpg","type":"image\/jpeg"}],"author":"admin","twitter_card":"summary_large_image","twitter_misc":{"Escrito por":"admin","Tiempo de lectura":"5 minutos"},"schema":{"@context":"https:\/\/schema.org","@graph":[{"@type":"Article","@id":"https:\/\/www.ofisillas.es\/blog\/dimensiones-de-sillas-ergonomicas\/#article","isPartOf":{"@id":"https:\/\/www.ofisillas.es\/blog\/dimensiones-de-sillas-ergonomicas\/"},"author":{"name":"admin","@id":"https:\/\/www.ofisillas.es\/blog\/#\/schema\/person\/8313057e8f99492371b5bbecacb504ce"},"headline":"Dimensiones de sillas ergon\u00f3micas \u00bfcu\u00e1les son las adecuadas?","datePublished":"2016-12-28T14:51:38+00:00","dateModified":"2023-10-05T10:51:37+00:00","mainEntityOfPage":{"@id":"https:\/\/www.ofisillas.es\/blog\/dimensiones-de-sillas-ergonomicas\/"},"wordCount":942,"commentCount":0,"image":{"@id":"https:\/\/www.ofisillas.es\/blog\/dimensiones-de-sillas-ergonomicas\/#primaryimage"},"thumbnailUrl":"https:\/\/www.ofisillas.es\/blog\/wp-content\/uploads\/2016\/12\/Dimensiones-de-sillas-ergon\u00f3micas-hasta-190.jpg","inLanguage":"es","potentialAction":[{"@type":"CommentAction","name":"Comment","target":["https:\/\/www.ofisillas.es\/blog\/dimensiones-de-sillas-ergonomicas\/#respond"]}]},{"@type":"WebPage","@id":"https:\/\/www.ofisillas.es\/blog\/dimensiones-de-sillas-ergonomicas\/","url":"https:\/\/www.ofisillas.es\/blog\/dimensiones-de-sillas-ergonomicas\/","name":"Dimensiones de sillas ergon\u00f3micas \u00bfcu\u00e1l es la adecuada?","isPartOf":{"@id":"https:\/\/www.ofisillas.es\/blog\/#website"},"primaryImageOfPage":{"@id":"https:\/\/www.ofisillas.es\/blog\/dimensiones-de-sillas-ergonomicas\/#primaryimage"},"image":{"@id":"https:\/\/www.ofisillas.es\/blog\/dimensiones-de-sillas-ergonomicas\/#primaryimage"},"thumbnailUrl":"https:\/\/www.ofisillas.es\/blog\/wp-content\/uploads\/2016\/12\/Dimensiones-de-sillas-ergon\u00f3micas-hasta-190.jpg","datePublished":"2016-12-28T14:51:38+00:00","dateModified":"2023-10-05T10:51:37+00:00","author":{"@id":"https:\/\/www.ofisillas.es\/blog\/#\/schema\/person\/8313057e8f99492371b5bbecacb504ce"},"description":"\u00bfNo sabes cu\u00e1les son las demensiones de sillas ergon\u00f3micas que mejor se adaptan a t\u00ed? No te puedes perder esta entrada para elegir el modelo m\u00e1s adecuado","breadcrumb":{"@id":"https:\/\/www.ofisillas.es\/blog\/dimensiones-de-sillas-ergonomicas\/#breadcrumb"},"inLanguage":"es","potentialAction":[{"@type":"ReadAction","target":["https:\/\/www.ofisillas.es\/blog\/dimensiones-de-sillas-ergonomicas\/"]}]},{"@type":"ImageObject","inLanguage":"es","@id":"https:\/\/www.ofisillas.es\/blog\/dimensiones-de-sillas-ergonomicas\/#primaryimage","url":"https:\/\/www.ofisillas.es\/blog\/wp-content\/uploads\/2016\/12\/Dimensiones-de-sillas-ergon\u00f3micas-hasta-190.jpg","contentUrl":"https:\/\/www.ofisillas.es\/blog\/wp-content\/uploads\/2016\/12\/Dimensiones-de-sillas-ergon\u00f3micas-hasta-190.jpg","width":669,"height":300,"caption":"Dimensiones de sillas ergon\u00f3micas para talla hasta 1,90"},{"@type":"BreadcrumbList","@id":"https:\/\/www.ofisillas.es\/blog\/dimensiones-de-sillas-ergonomicas\/#breadcrumb","itemListElement":[{"@type":"ListItem","position":1,"name":"Portada","item":"https:\/\/www.ofisillas.es\/blog\/"},{"@type":"ListItem","position":2,"name":"Dimensiones de sillas ergon\u00f3micas \u00bfcu\u00e1les son las adecuadas?"}]},{"@type":"WebSite","@id":"https:\/\/www.ofisillas.es\/blog\/#website","url":"https:\/\/www.ofisillas.es\/blog\/","name":"Ofisillas","description":"Especialistas en Sillas de oficina y muebles","potentialAction":[{"@type":"SearchAction","target":{"@type":"EntryPoint","urlTemplate":"https:\/\/www.ofisillas.es\/blog\/?s={search_term_string}"},"query-input":{"@type":"PropertyValueSpecification","valueRequired":true,"valueName":"search_term_string"}}],"inLanguage":"es"},{"@type":"Person","@id":"https:\/\/www.ofisillas.es\/blog\/#\/schema\/person\/8313057e8f99492371b5bbecacb504ce","name":"admin","image":{"@type":"ImageObject","inLanguage":"es","@id":"https:\/\/www.ofisillas.es\/blog\/#\/schema\/person\/image\/","url":"https:\/\/secure.gravatar.com\/avatar\/741433ce07ba5c431e994c0ec0272d414a5d1a9dafeb02666111e6f2eb1c0ed2?s=96&d=mm&r=g","contentUrl":"https:\/\/secure.gravatar.com\/avatar\/741433ce07ba5c431e994c0ec0272d414a5d1a9dafeb02666111e6f2eb1c0ed2?s=96&d=mm&r=g","caption":"admin"},"sameAs":["https:\/\/www.ofisillas.es"],"url":"https:\/\/www.ofisillas.es\/blog\/author\/admin\/"}]}},"_links":{"self":[{"href":"https:\/\/www.ofisillas.es\/blog\/wp-json\/wp\/v2\/posts\/1245","targetHints":{"allow":["GET"]}}],"collection":[{"href":"https:\/\/www.ofisillas.es\/blog\/wp-json\/wp\/v2\/posts"}],"about":[{"href":"https:\/\/www.ofisillas.es\/blog\/wp-json\/wp\/v2\/types\/post"}],"author":[{"embeddable":true,"href":"https:\/\/www.ofisillas.es\/blog\/wp-json\/wp\/v2\/users\/1"}],"replies":[{"embeddable":true,"href":"https:\/\/www.ofisillas.es\/blog\/wp-json\/wp\/v2\/comments?post=1245"}],"version-history":[{"count":14,"href":"https:\/\/www.ofisillas.es\/blog\/wp-json\/wp\/v2\/posts\/1245\/revisions"}],"predecessor-version":[{"id":3730,"href":"https:\/\/www.ofisillas.es\/blog\/wp-json\/wp\/v2\/posts\/1245\/revisions\/3730"}],"wp:featuredmedia":[{"embeddable":true,"href":"https:\/\/www.ofisillas.es\/blog\/wp-json\/wp\/v2\/media\/1247"}],"wp:attachment":[{"href":"https:\/\/www.ofisillas.es\/blog\/wp-json\/wp\/v2\/media?parent=1245"}],"wp:term":[{"taxonomy":"category","embeddable":true,"href":"https:\/\/www.ofisillas.es\/blog\/wp-json\/wp\/v2\/categories?post=1245"},{"taxonomy":"post_tag","embeddable":true,"href":"https:\/\/www.ofisillas.es\/blog\/wp-json\/wp\/v2\/tags?post=1245"}],"curies":[{"name":"wp","href":"https:\/\/api.w.org\/{rel}","templated":true}]}}