{"id":1078,"date":"2016-10-05T14:01:55","date_gmt":"2016-10-05T12:01:55","guid":{"rendered":"https:\/\/blog.ofisillas.es\/blog\/?p=1078"},"modified":"2021-05-26T10:35:49","modified_gmt":"2021-05-26T08:35:49","slug":"claves-de-una-oficina-moderna","status":"publish","type":"post","link":"https:\/\/www.ofisillas.es\/blog\/claves-de-una-oficina-moderna\/","title":{"rendered":"\u00bfCu\u00e1l es la clave de una oficina moderna?"},"content":{"rendered":"<p>Una <strong>oficina moderna<\/strong> es sin duda aquella que presta atenci\u00f3n a los peque\u00f1os detalles. Hoy en d\u00eda la imagen que se transmite en un primer momento es sumamente importante en cualquier \u00e1mbito, y m\u00e1s en el caso del mundo empresarial. \u00bfLa raz\u00f3n? Tan sencillo como que no hay otra oportunidad para causar ese primer impacto.<\/p>\n<p>Por eso, <strong>estar a la vanguardia de la decoraci\u00f3n y el dise\u00f1o es muy importante a la hora de hablar del estilo de una oficina.<\/strong> No importa el estilo o car\u00e1cter que se desee imprimir a una estancia, ya sea cl\u00e1sico, elegante o menos atrevido; lo importante es no renunciar a esas peque\u00f1as pinceladas que aportan frescura.<\/p>\n<p>\u00bfY conseguir un aspecto modernista es algo muy dif\u00edcil? Mucho menos de lo que en un principio nos podamos imaginar ya que por ejemplo hay algunas <strong><a href=\"\/\/www.ofisillas.es\/sillas-de-oficina.html\">sillas de oficina<\/a><\/strong> que simplemente os dejar\u00e1n boquiabiertos. Pero no solo eso, tambi\u00e9n podremos jugar con el <strong><a href=\"\/\/www.ofisillas.es\/mobiliario-de-oficina.html\">mobiliario de oficina<\/a><\/strong> e incluso las <strong><a href=\"\/\/www.ofisillas.es\/mesas-de-ordenador.html\">mesas de ordenador<\/a><\/strong> para crear estancias muy atractivas y a la \u00faltima.<\/p>\n<h2><strong>Sillas ergon\u00f3micas, mobiliario destacado en una oficina moderna<\/strong><\/h2>\n<p><a href=\"\/\/blog.ofisillas.es\/blog\/wp-content\/uploads\/2016\/09\/Silla-de-oficina-moderna-GENUA-PRO.jpg\"><img fetchpriority=\"high\" decoding=\"async\" class=\"aligncenter wp-image-1079 size-full\" title=\"Silla de oficina moderna GENUA PRO\" src=\"\/\/blog.ofisillas.es\/blog\/wp-content\/uploads\/2016\/09\/Silla-de-oficina-moderna-GENUA-PRO.jpg\" alt=\"Increible silla para oficina moderna GENUA PRO\" width=\"236\" height=\"300\" srcset=\"https:\/\/www.ofisillas.es\/blog\/wp-content\/uploads\/2016\/09\/Silla-de-oficina-moderna-GENUA-PRO.jpg 236w, https:\/\/www.ofisillas.es\/blog\/wp-content\/uploads\/2016\/09\/Silla-de-oficina-moderna-GENUA-PRO-120x152.jpg 120w\" sizes=\"(max-width: 236px) 100vw, 236px\" \/><\/a><\/p>\n<p>El <strong>avanzado dise\u00f1o de las <a href=\"\/\/www.ofisillas.es\/sillas-ergonomicas.html\">sillas ergon\u00f3micas<\/a><\/strong> permite jugar con formas m\u00e1s sofisticadas, las cuales transmiten una sensaci\u00f3n de modernidad. \u00bfUn claro ejemplo? Esta alucinante silla GENUA PRO, la cual parece que ha venido directamente del futuro.<\/p>\n<p>Los nuevos materiales que suelen utilizar este tipo de sillas tambi\u00e9n sirven para dar un aire renovado a una oficina moderna. El <strong>aluminio cepillado o cromado, los tejidos transpirables e incluso los colores m\u00e1s atrevidos<\/strong> aportan ese toque tan especial por el que seguro la gente preguntar\u00e1.<\/p>\n<h2><strong>Las mesas de una oficina moderna tambi\u00e9n tienen mucho que decir<\/strong><\/h2>\n<p><a href=\"\/\/blog.ofisillas.es\/blog\/wp-content\/uploads\/2016\/09\/Mesa-para-oficina-moderna.jpg\"><img decoding=\"async\" class=\"aligncenter wp-image-1080 size-full\" title=\"Mesa oficina moderna ETEL\" src=\"\/\/blog.ofisillas.es\/blog\/wp-content\/uploads\/2016\/09\/Mesa-para-oficina-moderna.jpg\" alt=\"Mesa ETEL, ideal para oficina moderna\" width=\"562\" height=\"300\" srcset=\"https:\/\/www.ofisillas.es\/blog\/wp-content\/uploads\/2016\/09\/Mesa-para-oficina-moderna.jpg 562w, https:\/\/www.ofisillas.es\/blog\/wp-content\/uploads\/2016\/09\/Mesa-para-oficina-moderna-250x133.jpg 250w, https:\/\/www.ofisillas.es\/blog\/wp-content\/uploads\/2016\/09\/Mesa-para-oficina-moderna-120x64.jpg 120w\" sizes=\"(max-width: 562px) 100vw, 562px\" \/><\/a><\/p>\n<p>Al igual que en el caso de las sillas, las mesas de una oficina constituyen la base en lo que a mobiliario se refiere. Aqu\u00ed, la <strong>moderna arquitectura<\/strong> de las ciudades con m\u00e1s personalidad tambi\u00e9n se puede ver plasmada en una mesa, y prueba de ello es este exclusivo modelo ETEL.<\/p>\n<h2><strong>\u00a1Apuesta por el minimalismo!<\/strong><\/h2>\n<p>Otra de las claves para renovar los aires de una oficina y hacerlo con gusto y \u00e9xito es aportar por el minimalismo. <strong>Las oficinas minimalistas son muy populares en aquellas empresas con un alto componente tecnol\u00f3gico e innovador<\/strong>, en las que se desea focalizar al m\u00e1ximo la atenci\u00f3n en un concepto, filosof\u00eda o idea.<\/p>\n<p>Si quer\u00e9is profundizar un poco m\u00e1s en esta \u00e1mbito no os pod\u00e9is perder nuestra entrada sobre <a href=\"\/\/blog.ofisillas.es\/blog\/decoracion-de-oficinas-modernas\">nuevas tendencias en decoraci\u00f3n de oficinas modernas<\/a> en la que podr\u00e9is ver ejemplos donde se aplica el minimalismo adem\u00e1s de otras tendencias importantes, como la industrial.<\/p>\n<h2><strong>Sof\u00e1s y sillones, protagonistas de una oficina moderna<\/strong><\/h2>\n<p><a href=\"\/\/blog.ofisillas.es\/blog\/wp-content\/uploads\/2016\/09\/Sof\u00e1-y-sill\u00f3n-de-oficina-moderna.jpg\"><img decoding=\"async\" class=\"aligncenter wp-image-1081 size-large\" title=\"Sillones oficina moderna\" src=\"\/\/blog.ofisillas.es\/blog\/wp-content\/uploads\/2016\/09\/Sof\u00e1-y-sill\u00f3n-de-oficina-moderna-700x288.jpg\" alt=\"Elegantes modelos para oficina moderna\" width=\"700\" height=\"288\" srcset=\"https:\/\/www.ofisillas.es\/blog\/wp-content\/uploads\/2016\/09\/Sof\u00e1-y-sill\u00f3n-de-oficina-moderna-700x288.jpg 700w, https:\/\/www.ofisillas.es\/blog\/wp-content\/uploads\/2016\/09\/Sof\u00e1-y-sill\u00f3n-de-oficina-moderna-250x102.jpg 250w, https:\/\/www.ofisillas.es\/blog\/wp-content\/uploads\/2016\/09\/Sof\u00e1-y-sill\u00f3n-de-oficina-moderna-120x49.jpg 120w, https:\/\/www.ofisillas.es\/blog\/wp-content\/uploads\/2016\/09\/Sof\u00e1-y-sill\u00f3n-de-oficina-moderna.jpg 729w\" sizes=\"(max-width: 700px) 100vw, 700px\" \/><\/a><\/p>\n<p>Los sof\u00e1s de oficina y sillones de dise\u00f1o pueden ser tambi\u00e9n nuestros aliados a la hora de vestir una oficina moderna. Y aqu\u00ed, tal y como os coment\u00e1bamos en el anterior apartado el estilo minimalista es sin\u00f3nimo de \u00e9xito, ya que sus <strong>sencillas y limpias l\u00edneas quedan muy bien, rejuveneciendo mucho una estancia<\/strong>. Ejemplos como el sof\u00e1 DARIO o el sill\u00f3n <a href=\"\/\/www.ofisillas.es\/sillon-de-diseno-tokio-piel-estrucutura-en-acero-comodo-asiento-acolchado-en-piel-blanco.html\">TOKIO<\/a> son interesantes opciones disponibles en <strong>Ofisillas<\/strong>.<\/p>\n<h2><strong>\u00a1En una oficina moderna no pueden faltar cuadros!<\/strong><\/h2>\n<p>Una de las formas de introducir ese plus de dise\u00f1o actualizado es a trav\u00e9s de los cuadros para oficina. Gracias a ellos se abre un abanico de posibilidades con el que podremos causar esa buena impresi\u00f3n y sensaci\u00f3n de renovaci\u00f3n que estamos buscando.<\/p>\n<p><a href=\"\/\/blog.ofisillas.es\/blog\/wp-content\/uploads\/2016\/09\/Cuadros-para-oficina-moderna.jpg\"><img loading=\"lazy\" decoding=\"async\" class=\"aligncenter wp-image-1082 size-full\" title=\"Cuadros oficina moderna\" src=\"\/\/blog.ofisillas.es\/blog\/wp-content\/uploads\/2016\/09\/Cuadros-para-oficina-moderna.jpg\" alt=\"Originales cuadros para oficina moderna\" width=\"603\" height=\"300\" srcset=\"https:\/\/www.ofisillas.es\/blog\/wp-content\/uploads\/2016\/09\/Cuadros-para-oficina-moderna.jpg 603w, https:\/\/www.ofisillas.es\/blog\/wp-content\/uploads\/2016\/09\/Cuadros-para-oficina-moderna-250x124.jpg 250w, https:\/\/www.ofisillas.es\/blog\/wp-content\/uploads\/2016\/09\/Cuadros-para-oficina-moderna-120x59.jpg 120w\" sizes=\"(max-width: 603px) 100vw, 603px\" \/><\/a><\/p>\n<p>El <strong>dise\u00f1o pop<\/strong> del siglo pasado es otro de los ingredientes de \u00e9xito a la hora de decorar una oficina moderna \u00bfSu secreto? el aspecto vintage que tan popular es hoy en d\u00eda, en el que parad\u00f3jicamente lo antiguo est\u00e1 de moda en la actualidad.<\/p>\n","protected":false},"excerpt":{"rendered":"<p>Una oficina moderna es sin duda aquella que presta atenci\u00f3n a los peque\u00f1os detalles. Hoy en d\u00eda la imagen que&hellip; <a class=\"more-link\" href=\"https:\/\/www.ofisillas.es\/blog\/claves-de-una-oficina-moderna\/\">[+info]<\/a><\/span><\/p>\n","protected":false},"author":1,"featured_media":1079,"comment_status":"open","ping_status":"open","sticky":false,"template":"","format":"standard","meta":{"_acf_changed":false,"footnotes":""},"categories":[],"tags":[],"class_list":["post-1078","post","type-post","status-publish","format-standard","has-post-thumbnail","hentry"],"acf":[],"yoast_head":"<!-- This site is optimized with the Yoast SEO plugin v27.1.1 - https:\/\/yoast.com\/product\/yoast-seo-wordpress\/ -->\n<title>\u00bfCu\u00e1l es la clave de una oficina moderna?<\/title>\n<meta name=\"description\" content=\"\u00bfAburrido de las oficinas grises y tristes? \u00a1Tiene f\u00e1cil soluci\u00f3n! Descubre cu\u00e1l es el secreto para dar un estilo nuevo y renueva tu oficina moderna.\" \/>\n<meta name=\"robots\" content=\"index, follow, max-snippet:-1, max-image-preview:large, max-video-preview:-1\" \/>\n<link rel=\"canonical\" href=\"https:\/\/www.ofisillas.es\/blog\/claves-de-una-oficina-moderna\/\" \/>\n<meta property=\"og:locale\" content=\"es_ES\" \/>\n<meta property=\"og:type\" content=\"article\" \/>\n<meta property=\"og:title\" content=\"\u00bfCu\u00e1l es la clave de una oficina moderna?\" \/>\n<meta property=\"og:description\" content=\"\u00bfAburrido de las oficinas grises y tristes? \u00a1Tiene f\u00e1cil soluci\u00f3n! Descubre cu\u00e1l es el secreto para dar un estilo nuevo y renueva tu oficina moderna.\" \/>\n<meta property=\"og:url\" content=\"https:\/\/www.ofisillas.es\/blog\/claves-de-una-oficina-moderna\/\" \/>\n<meta property=\"og:site_name\" content=\"Ofisillas\" \/>\n<meta property=\"article:published_time\" content=\"2016-10-05T12:01:55+00:00\" \/>\n<meta property=\"article:modified_time\" content=\"2021-05-26T08:35:49+00:00\" \/>\n<meta property=\"og:image\" content=\"https:\/\/www.ofisillas.es\/blog\/wp-content\/uploads\/2016\/09\/Silla-de-oficina-moderna-GENUA-PRO.jpg\" \/>\n\t<meta property=\"og:image:width\" content=\"236\" \/>\n\t<meta property=\"og:image:height\" content=\"300\" \/>\n\t<meta property=\"og:image:type\" content=\"image\/jpeg\" \/>\n<meta name=\"author\" content=\"admin\" \/>\n<meta name=\"twitter:card\" content=\"summary_large_image\" \/>\n<meta name=\"twitter:label1\" content=\"Escrito por\" \/>\n\t<meta name=\"twitter:data1\" content=\"admin\" \/>\n\t<meta name=\"twitter:label2\" content=\"Tiempo de lectura\" \/>\n\t<meta name=\"twitter:data2\" content=\"4 minutos\" \/>\n<script type=\"application\/ld+json\" class=\"yoast-schema-graph\">{\"@context\":\"https:\/\/schema.org\",\"@graph\":[{\"@type\":\"Article\",\"@id\":\"https:\/\/www.ofisillas.es\/blog\/claves-de-una-oficina-moderna\/#article\",\"isPartOf\":{\"@id\":\"https:\/\/www.ofisillas.es\/blog\/claves-de-una-oficina-moderna\/\"},\"author\":{\"name\":\"admin\",\"@id\":\"https:\/\/www.ofisillas.es\/blog\/#\/schema\/person\/8313057e8f99492371b5bbecacb504ce\"},\"headline\":\"\u00bfCu\u00e1l es la clave de una oficina moderna?\",\"datePublished\":\"2016-10-05T12:01:55+00:00\",\"dateModified\":\"2021-05-26T08:35:49+00:00\",\"mainEntityOfPage\":{\"@id\":\"https:\/\/www.ofisillas.es\/blog\/claves-de-una-oficina-moderna\/\"},\"wordCount\":657,\"commentCount\":1,\"image\":{\"@id\":\"https:\/\/www.ofisillas.es\/blog\/claves-de-una-oficina-moderna\/#primaryimage\"},\"thumbnailUrl\":\"https:\/\/www.ofisillas.es\/blog\/wp-content\/uploads\/2016\/09\/Silla-de-oficina-moderna-GENUA-PRO.jpg\",\"inLanguage\":\"es\",\"potentialAction\":[{\"@type\":\"CommentAction\",\"name\":\"Comment\",\"target\":[\"https:\/\/www.ofisillas.es\/blog\/claves-de-una-oficina-moderna\/#respond\"]}]},{\"@type\":\"WebPage\",\"@id\":\"https:\/\/www.ofisillas.es\/blog\/claves-de-una-oficina-moderna\/\",\"url\":\"https:\/\/www.ofisillas.es\/blog\/claves-de-una-oficina-moderna\/\",\"name\":\"\u00bfCu\u00e1l es la clave de una oficina moderna?\",\"isPartOf\":{\"@id\":\"https:\/\/www.ofisillas.es\/blog\/#website\"},\"primaryImageOfPage\":{\"@id\":\"https:\/\/www.ofisillas.es\/blog\/claves-de-una-oficina-moderna\/#primaryimage\"},\"image\":{\"@id\":\"https:\/\/www.ofisillas.es\/blog\/claves-de-una-oficina-moderna\/#primaryimage\"},\"thumbnailUrl\":\"https:\/\/www.ofisillas.es\/blog\/wp-content\/uploads\/2016\/09\/Silla-de-oficina-moderna-GENUA-PRO.jpg\",\"datePublished\":\"2016-10-05T12:01:55+00:00\",\"dateModified\":\"2021-05-26T08:35:49+00:00\",\"author\":{\"@id\":\"https:\/\/www.ofisillas.es\/blog\/#\/schema\/person\/8313057e8f99492371b5bbecacb504ce\"},\"description\":\"\u00bfAburrido de las oficinas grises y tristes? \u00a1Tiene f\u00e1cil soluci\u00f3n! Descubre cu\u00e1l es el secreto para dar un estilo nuevo y renueva tu oficina moderna.\",\"breadcrumb\":{\"@id\":\"https:\/\/www.ofisillas.es\/blog\/claves-de-una-oficina-moderna\/#breadcrumb\"},\"inLanguage\":\"es\",\"potentialAction\":[{\"@type\":\"ReadAction\",\"target\":[\"https:\/\/www.ofisillas.es\/blog\/claves-de-una-oficina-moderna\/\"]}]},{\"@type\":\"ImageObject\",\"inLanguage\":\"es\",\"@id\":\"https:\/\/www.ofisillas.es\/blog\/claves-de-una-oficina-moderna\/#primaryimage\",\"url\":\"https:\/\/www.ofisillas.es\/blog\/wp-content\/uploads\/2016\/09\/Silla-de-oficina-moderna-GENUA-PRO.jpg\",\"contentUrl\":\"https:\/\/www.ofisillas.es\/blog\/wp-content\/uploads\/2016\/09\/Silla-de-oficina-moderna-GENUA-PRO.jpg\",\"width\":236,\"height\":300,\"caption\":\"Increible silla para oficina modenra GENUA PRO\"},{\"@type\":\"BreadcrumbList\",\"@id\":\"https:\/\/www.ofisillas.es\/blog\/claves-de-una-oficina-moderna\/#breadcrumb\",\"itemListElement\":[{\"@type\":\"ListItem\",\"position\":1,\"name\":\"Portada\",\"item\":\"https:\/\/www.ofisillas.es\/blog\/\"},{\"@type\":\"ListItem\",\"position\":2,\"name\":\"\u00bfCu\u00e1l es la clave de una oficina moderna?\"}]},{\"@type\":\"WebSite\",\"@id\":\"https:\/\/www.ofisillas.es\/blog\/#website\",\"url\":\"https:\/\/www.ofisillas.es\/blog\/\",\"name\":\"Ofisillas\",\"description\":\"Especialistas en Sillas de oficina y muebles\",\"potentialAction\":[{\"@type\":\"SearchAction\",\"target\":{\"@type\":\"EntryPoint\",\"urlTemplate\":\"https:\/\/www.ofisillas.es\/blog\/?s={search_term_string}\"},\"query-input\":{\"@type\":\"PropertyValueSpecification\",\"valueRequired\":true,\"valueName\":\"search_term_string\"}}],\"inLanguage\":\"es\"},{\"@type\":\"Person\",\"@id\":\"https:\/\/www.ofisillas.es\/blog\/#\/schema\/person\/8313057e8f99492371b5bbecacb504ce\",\"name\":\"admin\",\"image\":{\"@type\":\"ImageObject\",\"inLanguage\":\"es\",\"@id\":\"https:\/\/www.ofisillas.es\/blog\/#\/schema\/person\/image\/\",\"url\":\"https:\/\/secure.gravatar.com\/avatar\/741433ce07ba5c431e994c0ec0272d414a5d1a9dafeb02666111e6f2eb1c0ed2?s=96&d=mm&r=g\",\"contentUrl\":\"https:\/\/secure.gravatar.com\/avatar\/741433ce07ba5c431e994c0ec0272d414a5d1a9dafeb02666111e6f2eb1c0ed2?s=96&d=mm&r=g\",\"caption\":\"admin\"},\"sameAs\":[\"https:\/\/www.ofisillas.es\"],\"url\":\"https:\/\/www.ofisillas.es\/blog\/author\/admin\/\"}]}<\/script>\n<!-- \/ Yoast SEO plugin. -->","yoast_head_json":{"title":"\u00bfCu\u00e1l es la clave de una oficina moderna?","description":"\u00bfAburrido de las oficinas grises y tristes? \u00a1Tiene f\u00e1cil soluci\u00f3n! Descubre cu\u00e1l es el secreto para dar un estilo nuevo y renueva tu oficina moderna.","robots":{"index":"index","follow":"follow","max-snippet":"max-snippet:-1","max-image-preview":"max-image-preview:large","max-video-preview":"max-video-preview:-1"},"canonical":"https:\/\/www.ofisillas.es\/blog\/claves-de-una-oficina-moderna\/","og_locale":"es_ES","og_type":"article","og_title":"\u00bfCu\u00e1l es la clave de una oficina moderna?","og_description":"\u00bfAburrido de las oficinas grises y tristes? \u00a1Tiene f\u00e1cil soluci\u00f3n! Descubre cu\u00e1l es el secreto para dar un estilo nuevo y renueva tu oficina moderna.","og_url":"https:\/\/www.ofisillas.es\/blog\/claves-de-una-oficina-moderna\/","og_site_name":"Ofisillas","article_published_time":"2016-10-05T12:01:55+00:00","article_modified_time":"2021-05-26T08:35:49+00:00","og_image":[{"width":236,"height":300,"url":"https:\/\/www.ofisillas.es\/blog\/wp-content\/uploads\/2016\/09\/Silla-de-oficina-moderna-GENUA-PRO.jpg","type":"image\/jpeg"}],"author":"admin","twitter_card":"summary_large_image","twitter_misc":{"Escrito por":"admin","Tiempo de lectura":"4 minutos"},"schema":{"@context":"https:\/\/schema.org","@graph":[{"@type":"Article","@id":"https:\/\/www.ofisillas.es\/blog\/claves-de-una-oficina-moderna\/#article","isPartOf":{"@id":"https:\/\/www.ofisillas.es\/blog\/claves-de-una-oficina-moderna\/"},"author":{"name":"admin","@id":"https:\/\/www.ofisillas.es\/blog\/#\/schema\/person\/8313057e8f99492371b5bbecacb504ce"},"headline":"\u00bfCu\u00e1l es la clave de una oficina moderna?","datePublished":"2016-10-05T12:01:55+00:00","dateModified":"2021-05-26T08:35:49+00:00","mainEntityOfPage":{"@id":"https:\/\/www.ofisillas.es\/blog\/claves-de-una-oficina-moderna\/"},"wordCount":657,"commentCount":1,"image":{"@id":"https:\/\/www.ofisillas.es\/blog\/claves-de-una-oficina-moderna\/#primaryimage"},"thumbnailUrl":"https:\/\/www.ofisillas.es\/blog\/wp-content\/uploads\/2016\/09\/Silla-de-oficina-moderna-GENUA-PRO.jpg","inLanguage":"es","potentialAction":[{"@type":"CommentAction","name":"Comment","target":["https:\/\/www.ofisillas.es\/blog\/claves-de-una-oficina-moderna\/#respond"]}]},{"@type":"WebPage","@id":"https:\/\/www.ofisillas.es\/blog\/claves-de-una-oficina-moderna\/","url":"https:\/\/www.ofisillas.es\/blog\/claves-de-una-oficina-moderna\/","name":"\u00bfCu\u00e1l es la clave de una oficina moderna?","isPartOf":{"@id":"https:\/\/www.ofisillas.es\/blog\/#website"},"primaryImageOfPage":{"@id":"https:\/\/www.ofisillas.es\/blog\/claves-de-una-oficina-moderna\/#primaryimage"},"image":{"@id":"https:\/\/www.ofisillas.es\/blog\/claves-de-una-oficina-moderna\/#primaryimage"},"thumbnailUrl":"https:\/\/www.ofisillas.es\/blog\/wp-content\/uploads\/2016\/09\/Silla-de-oficina-moderna-GENUA-PRO.jpg","datePublished":"2016-10-05T12:01:55+00:00","dateModified":"2021-05-26T08:35:49+00:00","author":{"@id":"https:\/\/www.ofisillas.es\/blog\/#\/schema\/person\/8313057e8f99492371b5bbecacb504ce"},"description":"\u00bfAburrido de las oficinas grises y tristes? \u00a1Tiene f\u00e1cil soluci\u00f3n! Descubre cu\u00e1l es el secreto para dar un estilo nuevo y renueva tu oficina moderna.","breadcrumb":{"@id":"https:\/\/www.ofisillas.es\/blog\/claves-de-una-oficina-moderna\/#breadcrumb"},"inLanguage":"es","potentialAction":[{"@type":"ReadAction","target":["https:\/\/www.ofisillas.es\/blog\/claves-de-una-oficina-moderna\/"]}]},{"@type":"ImageObject","inLanguage":"es","@id":"https:\/\/www.ofisillas.es\/blog\/claves-de-una-oficina-moderna\/#primaryimage","url":"https:\/\/www.ofisillas.es\/blog\/wp-content\/uploads\/2016\/09\/Silla-de-oficina-moderna-GENUA-PRO.jpg","contentUrl":"https:\/\/www.ofisillas.es\/blog\/wp-content\/uploads\/2016\/09\/Silla-de-oficina-moderna-GENUA-PRO.jpg","width":236,"height":300,"caption":"Increible silla para oficina modenra GENUA PRO"},{"@type":"BreadcrumbList","@id":"https:\/\/www.ofisillas.es\/blog\/claves-de-una-oficina-moderna\/#breadcrumb","itemListElement":[{"@type":"ListItem","position":1,"name":"Portada","item":"https:\/\/www.ofisillas.es\/blog\/"},{"@type":"ListItem","position":2,"name":"\u00bfCu\u00e1l es la clave de una oficina moderna?"}]},{"@type":"WebSite","@id":"https:\/\/www.ofisillas.es\/blog\/#website","url":"https:\/\/www.ofisillas.es\/blog\/","name":"Ofisillas","description":"Especialistas en Sillas de oficina y muebles","potentialAction":[{"@type":"SearchAction","target":{"@type":"EntryPoint","urlTemplate":"https:\/\/www.ofisillas.es\/blog\/?s={search_term_string}"},"query-input":{"@type":"PropertyValueSpecification","valueRequired":true,"valueName":"search_term_string"}}],"inLanguage":"es"},{"@type":"Person","@id":"https:\/\/www.ofisillas.es\/blog\/#\/schema\/person\/8313057e8f99492371b5bbecacb504ce","name":"admin","image":{"@type":"ImageObject","inLanguage":"es","@id":"https:\/\/www.ofisillas.es\/blog\/#\/schema\/person\/image\/","url":"https:\/\/secure.gravatar.com\/avatar\/741433ce07ba5c431e994c0ec0272d414a5d1a9dafeb02666111e6f2eb1c0ed2?s=96&d=mm&r=g","contentUrl":"https:\/\/secure.gravatar.com\/avatar\/741433ce07ba5c431e994c0ec0272d414a5d1a9dafeb02666111e6f2eb1c0ed2?s=96&d=mm&r=g","caption":"admin"},"sameAs":["https:\/\/www.ofisillas.es"],"url":"https:\/\/www.ofisillas.es\/blog\/author\/admin\/"}]}},"_links":{"self":[{"href":"https:\/\/www.ofisillas.es\/blog\/wp-json\/wp\/v2\/posts\/1078","targetHints":{"allow":["GET"]}}],"collection":[{"href":"https:\/\/www.ofisillas.es\/blog\/wp-json\/wp\/v2\/posts"}],"about":[{"href":"https:\/\/www.ofisillas.es\/blog\/wp-json\/wp\/v2\/types\/post"}],"author":[{"embeddable":true,"href":"https:\/\/www.ofisillas.es\/blog\/wp-json\/wp\/v2\/users\/1"}],"replies":[{"embeddable":true,"href":"https:\/\/www.ofisillas.es\/blog\/wp-json\/wp\/v2\/comments?post=1078"}],"version-history":[{"count":8,"href":"https:\/\/www.ofisillas.es\/blog\/wp-json\/wp\/v2\/posts\/1078\/revisions"}],"predecessor-version":[{"id":2825,"href":"https:\/\/www.ofisillas.es\/blog\/wp-json\/wp\/v2\/posts\/1078\/revisions\/2825"}],"wp:featuredmedia":[{"embeddable":true,"href":"https:\/\/www.ofisillas.es\/blog\/wp-json\/wp\/v2\/media\/1079"}],"wp:attachment":[{"href":"https:\/\/www.ofisillas.es\/blog\/wp-json\/wp\/v2\/media?parent=1078"}],"wp:term":[{"taxonomy":"category","embeddable":true,"href":"https:\/\/www.ofisillas.es\/blog\/wp-json\/wp\/v2\/categories?post=1078"},{"taxonomy":"post_tag","embeddable":true,"href":"https:\/\/www.ofisillas.es\/blog\/wp-json\/wp\/v2\/tags?post=1078"}],"curies":[{"name":"wp","href":"https:\/\/api.w.org\/{rel}","templated":true}]}}